{"id":1026,"date":"2024-09-07T15:31:21","date_gmt":"2024-09-07T15:31:21","guid":{"rendered":"https:\/\/fussball.nenitschka.de\/WordPress\/?p=1026"},"modified":"2024-11-18T11:27:46","modified_gmt":"2024-11-18T11:27:46","slug":"saison-24-25","status":"publish","type":"post","link":"http:\/\/fussball.nenitschka.de\/WordPress\/?p=1026","title":{"rendered":"Saison 24\/25 Teil 1"},"content":{"rendered":"\n<p>F\u00fcr die diesj\u00e4hrige Quali Staffel wurden wir in die Gruppe 4 mit den Gegnern Viktoria Birkesdorf und Sportfreunde D\u00fcren eingeteilt.<\/p>\n\n\n\n<p>Unsere Spiele lauten:<\/p>\n\n\n\n<p>31.08.24 SW &#8211; Birkesdorf 2:8<\/p>\n\n\n\n<p>18.09.24 SW &#8211; SFD 0:2<\/p>\n\n\n\n<p>28.09.24 SFD &#8211; SW 4:0<\/p>\n\n\n\n<p>04.10.24 Birkesdorf &#8211; SW 4:2 Wertung nach Abbruch durch einen starken Zusammenpralls zweier Spieler.<\/p>\n\n\n\n<p>Im diesj\u00e4hrigen Kreispokal war in Runde 2, bedingt durch ein Freilos in Runde 1 mit einem 9:0 in Winden Schluss.<\/p>\n\n\n\n<p>Gru\u00df, das Trainerteam<\/p>\n","protected":false},"excerpt":{"rendered":"<p>F\u00fcr die diesj\u00e4hrige Quali Staffel wurden wir in die Gruppe 4 mit den Gegnern Viktoria Birkesdorf und Sportfreunde D\u00fcren eingeteilt. Unsere Spiele lauten: 31.08.24 SW &#8211; Birkesdorf 2:8 18.09.24 SW &#8211; SFD 0:2 28.09.24 SFD &#8211; SW 4:0 04.10.24 Birkesdorf &#8211; SW 4:2 Wertung nach Abbruch durch einen starken Zusammenpralls zweier Spieler. Im diesj\u00e4hrigen Kreispokal &hellip; <a href=\"http:\/\/fussball.nenitschka.de\/WordPress\/?p=1026\" class=\"more-link\"><span class=\"screen-reader-text\">Saison 24\/25 Teil 1<\/span> weiterlesen<\/a><\/p>\n","protected":false},"author":2,"featured_media":0,"comment_status":"open","ping_status":"closed","sticky":false,"template":"","format":"standard","meta":{"footnotes":""},"categories":[3,4],"tags":[],"_links":{"self":[{"href":"http:\/\/fussball.nenitschka.de\/WordPress\/index.php?rest_route=\/wp\/v2\/posts\/1026"}],"collection":[{"href":"http:\/\/fussball.nenitschka.de\/WordPress\/index.php?rest_route=\/wp\/v2\/posts"}],"about":[{"href":"http:\/\/fussball.nenitschka.de\/WordPress\/index.php?rest_route=\/wp\/v2\/types\/post"}],"author":[{"embeddable":true,"href":"http:\/\/fussball.nenitschka.de\/WordPress\/index.php?rest_route=\/wp\/v2\/users\/2"}],"replies":[{"embeddable":true,"href":"http:\/\/fussball.nenitschka.de\/WordPress\/index.php?rest_route=%2Fwp%2Fv2%2Fcomments&post=1026"}],"version-history":[{"count":4,"href":"http:\/\/fussball.nenitschka.de\/WordPress\/index.php?rest_route=\/wp\/v2\/posts\/1026\/revisions"}],"predecessor-version":[{"id":1036,"href":"http:\/\/fussball.nenitschka.de\/WordPress\/index.php?rest_route=\/wp\/v2\/posts\/1026\/revisions\/1036"}],"wp:attachment":[{"href":"http:\/\/fussball.nenitschka.de\/WordPress\/index.php?rest_route=%2Fwp%2Fv2%2Fmedia&parent=1026"}],"wp:term":[{"taxonomy":"category","embeddable":true,"href":"http:\/\/fussball.nenitschka.de\/WordPress\/index.php?rest_route=%2Fwp%2Fv2%2Fcategories&post=1026"},{"taxonomy":"post_tag","embeddable":true,"href":"http:\/\/fussball.nenitschka.de\/WordPress\/index.php?rest_route=%2Fwp%2Fv2%2Ftags&post=1026"}],"curies":[{"name":"wp","href":"https:\/\/api.w.org\/{rel}","templated":true}]}}