{"id":402,"date":"2017-11-26T13:08:55","date_gmt":"2017-11-26T13:08:55","guid":{"rendered":"http:\/\/fussball.nenitschka.de\/WordPress\/?p=402"},"modified":"2017-11-26T14:07:19","modified_gmt":"2017-11-26T14:07:19","slug":"heimspiel-gegen-vikt-birkesdorf","status":"publish","type":"post","link":"http:\/\/fussball.nenitschka.de\/WordPress\/?p=402","title":{"rendered":"Heimspiel gegen Vikt. Birkesdorf"},"content":{"rendered":"<p>Am Freitag den 24.11.2017 hatten wir unser letztes Meisterschaftsspiel Zuhause gegen Birkesdorf.<\/p>\n<p>Im Vorfeld war klar das wir einen Punkt brauchten um den 2. Platze der Liga zu halten und als Vizestaffelsieger die Herbstrunde zu beenden.\u00a0 Und dieser Punkt war auch nie in Gefahr so das wir unser letztes Spiel suver\u00e4n mit 9:0 gewonnen haben. Von daher einen herzlichen Gl\u00fcckwunsch an unser Kinder die eine tolle Saison abgeliefert und diese Vizetitel verdient ins Jugendstadion geholt haben. Ebenso einen herzlichen Gl\u00fcckwunsch an den Staffelsieger Merzenich, die in dieser Staffel eine Liga f\u00fcr sich waren.<\/p>\n<p><strong>Ebenso einen gro\u00dfes Danke Sch\u00f6n an die aktiven und engagierten Eltern\/Angeh\u00f6rige, ohne deren Hilfe dieser Erfolg nur bedingt umsetzbar gewesen w\u00e4re<\/strong>.<\/p>\n<p>Auch Ihr habt einen tollen Job gemacht!<\/p>\n<p>Zum eigentlich Spiel muss ich gar nicht viel sagen, da der Sieg zu keiner Zeit gef\u00e4hrdet war und wir sogar noch einige Tests auf verschiedenen Positionen durchf\u00fchren konnten. Das letzte Spiel war eigentlich ein Spiegel der Saison und daher will ich eher diese beleuchten. Einziger Unterschied &#8211; und das merkt Ihr am Ergebnis &#8211; es gab diesmal keine Geschenke und ein sauberes und makelloses Passspiel. So w\u00fcnschen wir uns das immer.<\/p>\n<p>Die Saison &#8211; ein R\u00fcckblick.<\/p>\n<p>Wir starteten in die neue Saison mit dem Abgang der 06er Kinder die in die D Jugend aufgestiegen sind und mit dem Aufr\u00fccken der 08er zu uns.<\/p>\n<p>Eine nicht ganz leichte Aufgabe da ein 08er Kind nat\u00fcrlich allein k\u00f6rperlich und vom Spielverst\u00e4ndnis den zwei Jahre \u00e4lteren Spieler nicht zu 100% ersetzen kann. Von hier aus auch von uns Trainer ein gro\u00dfes Lob und unseren Respekt das Ihr Euch da durchgebissen habt. Mit Sicherheit war es f\u00fcr Euch auch nicht leicht bei dieser Herausforderung immer voll motiviert zu sein. Aber Ihr habt das klasse gemacht.<\/p>\n<p>An die 07er meine Hochachtung das Ihr die Kids die nachger\u00fcckt sind mit Nachsicht und Verst\u00e4ndnis aufgenommen habt. Sicher auch nicht ganz einfach wenn man einen gro\u00dfen Teil der Leistungstr\u00e4ger in die D Jugend verabschiedet hat. Aber Euch war auch klar das nicht alles von Anfang an so sein wird wie in der Vorsaison.\u00a0Wie schon gesagt daf\u00fcr unseren Respekt.<\/p>\n<p>Unsere Schw\u00e4chen diese Saison will ich gar nicht auff\u00fchren, die stehen schon in all den Berichten vorher. Nur soweit bei letzten Spiel und teilweise bei den Freundschaftsspielen war davon nur noch wenig bzw. gegen Birkesdorf gar nichts mehr zu sehen. Was war passiert? Ihr seid ein Team geworden.<\/p>\n<p>Unsere gr\u00f6\u00dfte St\u00e4rke finde ich war unser Zusammenhalt und Kampfgeist auch wenn das manchmal anders aussieht. \u00dcberlegt selber mal wie oft wir einen R\u00fcckstand gedreht und teilweise in einen Sieg verwandelte haben. Die Tatsache das wir &#8211; und das kann man wenn Ihr Euch die Tabelle ansieht an der Tordifferenz ablesen &#8211;\u00a0 oft sehr knapp aus einem R\u00fcckstand gewonnen haben\u00a0 zeigt auch das wir nicht aufgeben und bis zur letzten Minute k\u00e4mpfen. Der Trainer von Merzenich hat mich dazu bei ersten Spiel zur Seite genommen und meinte Ihr w\u00e4rt ein starke Truppe und das bisher noch keiner so gegen gehalten hat. Und genau das habt Ihr auch.<\/p>\n<p><strong>Das ist das Herz des Teams! Euer Herz!\u00a0<\/strong><\/p>\n<p>Ihr seit zusammen nicht unbedingt die gr\u00f6\u00dften Techniker aber Ihr beweist Team- und Kampfgeist und das ist auch sehr viel wert. Mit dieser Einstellung ist der Fu\u00dfballzwerg Island 2016 ins Viertelfinale der EM eingezogen. Einfaches lineares Spiele mit schnellen Passwegen gepaart mit Kampfgeist.<\/p>\n<p>Nun wollen wir eine starke Hallensaison abliefern und freuen uns mit Euch die Fr\u00fchjahrsrunde in Angriff zu nehmen.<\/p>\n<p>Gru\u00df das Trainerteam.<\/p>\n<p>&nbsp;<\/p>\n<p>&nbsp;<\/p>\n<p>&nbsp;<\/p>\n<p>&nbsp;<\/p>\n","protected":false},"excerpt":{"rendered":"<p>Am Freitag den 24.11.2017 hatten wir unser letztes Meisterschaftsspiel Zuhause gegen Birkesdorf. Im Vorfeld war klar das wir einen Punkt brauchten um den 2. Platze der Liga zu halten und als Vizestaffelsieger die Herbstrunde zu beenden.\u00a0 Und dieser Punkt war auch nie in Gefahr so das wir unser letztes Spiel suver\u00e4n mit 9:0 gewonnen haben. &hellip; <a href=\"http:\/\/fussball.nenitschka.de\/WordPress\/?p=402\" class=\"more-link\"><span class=\"screen-reader-text\">Heimspiel gegen Vikt. Birkesdorf<\/span> weiterlesen<\/a><\/p>\n","protected":false},"author":1,"featured_media":0,"comment_status":"open","ping_status":"closed","sticky":false,"template":"","format":"standard","meta":{"footnotes":""},"categories":[4],"tags":[],"_links":{"self":[{"href":"http:\/\/fussball.nenitschka.de\/WordPress\/index.php?rest_route=\/wp\/v2\/posts\/402"}],"collection":[{"href":"http:\/\/fussball.nenitschka.de\/WordPress\/index.php?rest_route=\/wp\/v2\/posts"}],"about":[{"href":"http:\/\/fussball.nenitschka.de\/WordPress\/index.php?rest_route=\/wp\/v2\/types\/post"}],"author":[{"embeddable":true,"href":"http:\/\/fussball.nenitschka.de\/WordPress\/index.php?rest_route=\/wp\/v2\/users\/1"}],"replies":[{"embeddable":true,"href":"http:\/\/fussball.nenitschka.de\/WordPress\/index.php?rest_route=%2Fwp%2Fv2%2Fcomments&post=402"}],"version-history":[{"count":3,"href":"http:\/\/fussball.nenitschka.de\/WordPress\/index.php?rest_route=\/wp\/v2\/posts\/402\/revisions"}],"predecessor-version":[{"id":406,"href":"http:\/\/fussball.nenitschka.de\/WordPress\/index.php?rest_route=\/wp\/v2\/posts\/402\/revisions\/406"}],"wp:attachment":[{"href":"http:\/\/fussball.nenitschka.de\/WordPress\/index.php?rest_route=%2Fwp%2Fv2%2Fmedia&parent=402"}],"wp:term":[{"taxonomy":"category","embeddable":true,"href":"http:\/\/fussball.nenitschka.de\/WordPress\/index.php?rest_route=%2Fwp%2Fv2%2Fcategories&post=402"},{"taxonomy":"post_tag","embeddable":true,"href":"http:\/\/fussball.nenitschka.de\/WordPress\/index.php?rest_route=%2Fwp%2Fv2%2Ftags&post=402"}],"curies":[{"name":"wp","href":"https:\/\/api.w.org\/{rel}","templated":true}]}}