{"id":535,"date":"2018-11-25T10:48:30","date_gmt":"2018-11-25T10:48:30","guid":{"rendered":"http:\/\/fussball.nenitschka.de\/WordPress\/?p=535"},"modified":"2018-11-25T10:48:30","modified_gmt":"2018-11-25T10:48:30","slug":"heimspiel-am-17-11-18-gegen-den-1-fc-dueren-3","status":"publish","type":"post","link":"http:\/\/fussball.nenitschka.de\/WordPress\/?p=535","title":{"rendered":"Heimspiel am 17.11.18 gegen den 1.FC D\u00fcren 3"},"content":{"rendered":"<p>Beim heutigen Spieltag hatten wir den 1.FC D\u00fcren 3 zu Gast.<\/p>\n<p>Zur Halbzeit Stand es 1:3 f\u00fcr den FC D\u00fcren. Und das heutige Endergebnis war 1:8. Aus diesen Spiel konnten wir die Erkenntnis mitnehmen, das unser Trainings Konzept leider noch nicht bei allen Spielern ankommt . Die meisten Gegentoren waren \u00e4rgerlich, weil sie total \u00fcberfl\u00fcssig waren, mal war es ein Fehler und mal hat die Konzentration nachgelassen. Daran m\u00fcssen wir weiter arbeiten.<\/p>\n<p>Aber eins habt ihr uns und den Eltern gezeigt, wenn der Wille und der Ehrgeiz da ist, macht das Fussball spielen Spa\u00df und Laune.<\/p>\n<p>Zitat in Real Life beim heutigen Spiel!!!<\/p>\n<p>Baslers Freist\u00f6\u00dfe sind wie das wirkliche Leben: Mal weich und kurz, mal hart und lang. (J\u00f6rg Wontorra)<\/p>\n<p>Da krieg&#8216; ich so den Ball und das ist ja immer mein Problem. (Gerald Asamoah)<\/p>\n<p>Gru\u00df, das Trainerteam<\/p>\n","protected":false},"excerpt":{"rendered":"<p>Beim heutigen Spieltag hatten wir den 1.FC D\u00fcren 3 zu Gast. Zur Halbzeit Stand es 1:3 f\u00fcr den FC D\u00fcren. Und das heutige Endergebnis war 1:8. Aus diesen Spiel konnten wir die Erkenntnis mitnehmen, das unser Trainings Konzept leider noch nicht bei allen Spielern ankommt . Die meisten Gegentoren waren \u00e4rgerlich, weil sie total \u00fcberfl\u00fcssig &hellip; <a href=\"http:\/\/fussball.nenitschka.de\/WordPress\/?p=535\" class=\"more-link\"><span class=\"screen-reader-text\">Heimspiel am 17.11.18 gegen den 1.FC D\u00fcren 3<\/span> weiterlesen<\/a><\/p>\n","protected":false},"author":2,"featured_media":0,"comment_status":"open","ping_status":"closed","sticky":false,"template":"","format":"standard","meta":{"footnotes":""},"categories":[4],"tags":[],"_links":{"self":[{"href":"http:\/\/fussball.nenitschka.de\/WordPress\/index.php?rest_route=\/wp\/v2\/posts\/535"}],"collection":[{"href":"http:\/\/fussball.nenitschka.de\/WordPress\/index.php?rest_route=\/wp\/v2\/posts"}],"about":[{"href":"http:\/\/fussball.nenitschka.de\/WordPress\/index.php?rest_route=\/wp\/v2\/types\/post"}],"author":[{"embeddable":true,"href":"http:\/\/fussball.nenitschka.de\/WordPress\/index.php?rest_route=\/wp\/v2\/users\/2"}],"replies":[{"embeddable":true,"href":"http:\/\/fussball.nenitschka.de\/WordPress\/index.php?rest_route=%2Fwp%2Fv2%2Fcomments&post=535"}],"version-history":[{"count":1,"href":"http:\/\/fussball.nenitschka.de\/WordPress\/index.php?rest_route=\/wp\/v2\/posts\/535\/revisions"}],"predecessor-version":[{"id":536,"href":"http:\/\/fussball.nenitschka.de\/WordPress\/index.php?rest_route=\/wp\/v2\/posts\/535\/revisions\/536"}],"wp:attachment":[{"href":"http:\/\/fussball.nenitschka.de\/WordPress\/index.php?rest_route=%2Fwp%2Fv2%2Fmedia&parent=535"}],"wp:term":[{"taxonomy":"category","embeddable":true,"href":"http:\/\/fussball.nenitschka.de\/WordPress\/index.php?rest_route=%2Fwp%2Fv2%2Fcategories&post=535"},{"taxonomy":"post_tag","embeddable":true,"href":"http:\/\/fussball.nenitschka.de\/WordPress\/index.php?rest_route=%2Fwp%2Fv2%2Ftags&post=535"}],"curies":[{"name":"wp","href":"https:\/\/api.w.org\/{rel}","templated":true}]}}